{"id":3347,"date":"2023-01-05T16:34:55","date_gmt":"2023-01-05T15:34:55","guid":{"rendered":"https:\/\/elisabethkufferath.de\/?p=3347"},"modified":"2023-01-06T11:57:38","modified_gmt":"2023-01-06T10:57:38","slug":"3347-2","status":"publish","type":"post","link":"https:\/\/elisabethkufferath.de\/en\/3347-2\/","title":{"rendered":"Jede Musik ist zeitgen\u00f6ssisch"},"content":{"rendered":"<p><\/p>\n<p dir=\"auto\"><span class=\"s4\">Ein Pl\u00e4doyer f\u00fcr\u00a0<\/span><span class=\"s4\">die Neugierde auf Neues<br \/>\n<\/span><strong><span class=\"s6\"><img loading=\"lazy\" class=\"alignright wp-image-3337 size-medium\" src=\"https:\/\/elisabethkufferath.de\/wp-content\/uploads\/2023\/01\/bergundfeierabend_mockup_kammermusik_gross-853x1024-1-250x300.png\" alt=\"book cover\" width=\"250\" height=\"300\" srcset=\"https:\/\/elisabethkufferath.de\/wp-content\/uploads\/2023\/01\/bergundfeierabend_mockup_kammermusik_gross-853x1024-1-250x300.png 250w, https:\/\/elisabethkufferath.de\/wp-content\/uploads\/2023\/01\/bergundfeierabend_mockup_kammermusik_gross-853x1024-1-427x512.png 427w, https:\/\/elisabethkufferath.de\/wp-content\/uploads\/2023\/01\/bergundfeierabend_mockup_kammermusik_gross-853x1024-1-768x922.png 768w, https:\/\/elisabethkufferath.de\/wp-content\/uploads\/2023\/01\/bergundfeierabend_mockup_kammermusik_gross-853x1024-1-308x370.png 308w, https:\/\/elisabethkufferath.de\/wp-content\/uploads\/2023\/01\/bergundfeierabend_mockup_kammermusik_gross-853x1024-1.png 853w\" sizes=\"(max-width: 250px) 100vw, 250px\" \/><\/span><\/strong><\/p>\n<p dir=\"auto\"><span class=\"s4\"><strong>Essay von Elisabeth Kufferath<\/strong><br \/>\n<\/span>aus dem Buch: <a href=\"https:\/\/bergundfeierabend.de\/es-ist-das-leben\/\" target=\"_blank\" rel=\"noopener\">\u201eEs ist das Leben!\u201c <\/a>(Berg&amp;Feierabend Verlag)<\/p>\n<p dir=\"auto\"><a href=\"https:\/\/elisabethkufferath.de\/jede-musik-ist-zeitgenoessisch\/\"><strong>lesen &#8211;&gt;<\/strong><\/a><\/p>\n<p dir=\"auto\"><strong><em>text currently only available in German\u00a0<\/em><\/strong><\/p>\n<p><\/p>","protected":false},"excerpt":{"rendered":"<p>Ein Pl\u00e4doyer f\u00fcr\u00a0die Neugierde auf Neues Essay von Elisabeth Kufferath aus dem Buch: \u201eEs ist das Leben!\u201c (Berg&amp;Feierabend Verlag) lesen &#8211;&gt; text currently only available in German\u00a0<\/p>\n","protected":false},"author":1,"featured_media":0,"comment_status":"closed","ping_status":"closed","sticky":false,"template":"","format":"standard","meta":[],"categories":[56],"tags":[],"yoast_head":"<!-- This site is optimized with the Yoast SEO plugin v19.4 - https:\/\/yoast.com\/wordpress\/plugins\/seo\/ -->\n<title>Jede Musik ist zeitgen\u00f6ssisch - Elisabeth Kufferath<\/title>\n<meta name=\"robots\" content=\"index, follow, max-snippet:-1, max-image-preview:large, max-video-preview:-1\" \/>\n<link rel=\"canonical\" href=\"https:\/\/elisabethkufferath.de\/3347-2\/\" \/>\n<meta property=\"og:locale\" content=\"en_US\" \/>\n<meta property=\"og:type\" content=\"article\" \/>\n<meta property=\"og:title\" content=\"Jede Musik ist zeitgen\u00f6ssisch - Elisabeth Kufferath\" \/>\n<meta property=\"og:description\" content=\"Ein Pl\u00e4doyer f\u00fcr\u00a0die Neugierde auf Neues Essay von Elisabeth Kufferath aus dem Buch: \u201eEs ist das Leben!\u201c (Berg&amp;Feierabend Verlag) lesen &#8211;&gt; text currently only available in German\u00a0\" \/>\n<meta property=\"og:url\" content=\"https:\/\/elisabethkufferath.de\/3347-2\/\" \/>\n<meta property=\"og:site_name\" content=\"Elisabeth Kufferath\" \/>\n<meta property=\"article:publisher\" content=\"https:\/\/www.facebook.com\/elisabethkufferathofficial\/\" \/>\n<meta property=\"article:published_time\" content=\"2023-01-05T15:34:55+00:00\" \/>\n<meta property=\"article:modified_time\" content=\"2023-01-06T10:57:38+00:00\" \/>\n<meta property=\"og:image\" content=\"https:\/\/elisabethkufferath.de\/wp-content\/uploads\/2023\/01\/bergundfeierabend_mockup_kammermusik_gross-853x1024-1-250x300.png\" \/>\n<meta name=\"author\" content=\"adminfrank\" \/>\n<meta name=\"twitter:card\" content=\"summary\" \/>\n<meta name=\"twitter:label1\" content=\"Written by\" \/>\n\t<meta name=\"twitter:data1\" content=\"adminfrank\" \/>\n<script type=\"application\/ld+json\" class=\"yoast-schema-graph\">{\"@context\":\"https:\/\/schema.org\",\"@graph\":[{\"@type\":\"WebSite\",\"@id\":\"https:\/\/elisabethkufferath.de\/#website\",\"url\":\"https:\/\/elisabethkufferath.de\/\",\"name\":\"Elisabeth Kufferath\",\"description\":\"Violin  Viola\",\"potentialAction\":[{\"@type\":\"SearchAction\",\"target\":{\"@type\":\"EntryPoint\",\"urlTemplate\":\"https:\/\/elisabethkufferath.de\/?s={search_term_string}\"},\"query-input\":\"required name=search_term_string\"}],\"inLanguage\":\"en-US\"},{\"@type\":\"WebPage\",\"@id\":\"https:\/\/elisabethkufferath.de\/3347-2\/\",\"url\":\"https:\/\/elisabethkufferath.de\/3347-2\/\",\"name\":\"Jede Musik ist zeitgen\u00f6ssisch - Elisabeth Kufferath\",\"isPartOf\":{\"@id\":\"https:\/\/elisabethkufferath.de\/#website\"},\"datePublished\":\"2023-01-05T15:34:55+00:00\",\"dateModified\":\"2023-01-06T10:57:38+00:00\",\"author\":{\"@id\":\"https:\/\/elisabethkufferath.de\/#\/schema\/person\/35a84d9a12ed29f6754318357f7415e3\"},\"breadcrumb\":{\"@id\":\"https:\/\/elisabethkufferath.de\/3347-2\/#breadcrumb\"},\"inLanguage\":\"en-US\",\"potentialAction\":[{\"@type\":\"ReadAction\",\"target\":[\"https:\/\/elisabethkufferath.de\/3347-2\/\"]}]},{\"@type\":\"BreadcrumbList\",\"@id\":\"https:\/\/elisabethkufferath.de\/3347-2\/#breadcrumb\",\"itemListElement\":[{\"@type\":\"ListItem\",\"position\":1,\"name\":\"Startseite\",\"item\":\"https:\/\/elisabethkufferath.de\/\"},{\"@type\":\"ListItem\",\"position\":2,\"name\":\"Jede Musik ist zeitgen\u00f6ssisch\"}]},{\"@type\":\"Person\",\"@id\":\"https:\/\/elisabethkufferath.de\/#\/schema\/person\/35a84d9a12ed29f6754318357f7415e3\",\"name\":\"adminfrank\"}]}<\/script>\n<!-- \/ Yoast SEO plugin. -->","yoast_head_json":{"title":"Jede Musik ist zeitgen\u00f6ssisch - Elisabeth Kufferath","robots":{"index":"index","follow":"follow","max-snippet":"max-snippet:-1","max-image-preview":"max-image-preview:large","max-video-preview":"max-video-preview:-1"},"canonical":"https:\/\/elisabethkufferath.de\/3347-2\/","og_locale":"en_US","og_type":"article","og_title":"Jede Musik ist zeitgen\u00f6ssisch - Elisabeth Kufferath","og_description":"Ein Pl\u00e4doyer f\u00fcr\u00a0die Neugierde auf Neues Essay von Elisabeth Kufferath aus dem Buch: \u201eEs ist das Leben!\u201c (Berg&amp;Feierabend Verlag) lesen &#8211;&gt; text currently only available in German\u00a0","og_url":"https:\/\/elisabethkufferath.de\/3347-2\/","og_site_name":"Elisabeth Kufferath","article_publisher":"https:\/\/www.facebook.com\/elisabethkufferathofficial\/","article_published_time":"2023-01-05T15:34:55+00:00","article_modified_time":"2023-01-06T10:57:38+00:00","og_image":[{"url":"https:\/\/elisabethkufferath.de\/wp-content\/uploads\/2023\/01\/bergundfeierabend_mockup_kammermusik_gross-853x1024-1-250x300.png"}],"author":"adminfrank","twitter_card":"summary","twitter_misc":{"Written by":"adminfrank"},"schema":{"@context":"https:\/\/schema.org","@graph":[{"@type":"WebSite","@id":"https:\/\/elisabethkufferath.de\/#website","url":"https:\/\/elisabethkufferath.de\/","name":"Elisabeth Kufferath","description":"Violin  Viola","potentialAction":[{"@type":"SearchAction","target":{"@type":"EntryPoint","urlTemplate":"https:\/\/elisabethkufferath.de\/?s={search_term_string}"},"query-input":"required name=search_term_string"}],"inLanguage":"en-US"},{"@type":"WebPage","@id":"https:\/\/elisabethkufferath.de\/3347-2\/","url":"https:\/\/elisabethkufferath.de\/3347-2\/","name":"Jede Musik ist zeitgen\u00f6ssisch - Elisabeth Kufferath","isPartOf":{"@id":"https:\/\/elisabethkufferath.de\/#website"},"datePublished":"2023-01-05T15:34:55+00:00","dateModified":"2023-01-06T10:57:38+00:00","author":{"@id":"https:\/\/elisabethkufferath.de\/#\/schema\/person\/35a84d9a12ed29f6754318357f7415e3"},"breadcrumb":{"@id":"https:\/\/elisabethkufferath.de\/3347-2\/#breadcrumb"},"inLanguage":"en-US","potentialAction":[{"@type":"ReadAction","target":["https:\/\/elisabethkufferath.de\/3347-2\/"]}]},{"@type":"BreadcrumbList","@id":"https:\/\/elisabethkufferath.de\/3347-2\/#breadcrumb","itemListElement":[{"@type":"ListItem","position":1,"name":"Startseite","item":"https:\/\/elisabethkufferath.de\/"},{"@type":"ListItem","position":2,"name":"Jede Musik ist zeitgen\u00f6ssisch"}]},{"@type":"Person","@id":"https:\/\/elisabethkufferath.de\/#\/schema\/person\/35a84d9a12ed29f6754318357f7415e3","name":"adminfrank"}]}},"_links":{"self":[{"href":"https:\/\/elisabethkufferath.de\/en\/wp-json\/wp\/v2\/posts\/3347"}],"collection":[{"href":"https:\/\/elisabethkufferath.de\/en\/wp-json\/wp\/v2\/posts"}],"about":[{"href":"https:\/\/elisabethkufferath.de\/en\/wp-json\/wp\/v2\/types\/post"}],"author":[{"embeddable":true,"href":"https:\/\/elisabethkufferath.de\/en\/wp-json\/wp\/v2\/users\/1"}],"replies":[{"embeddable":true,"href":"https:\/\/elisabethkufferath.de\/en\/wp-json\/wp\/v2\/comments?post=3347"}],"version-history":[{"count":5,"href":"https:\/\/elisabethkufferath.de\/en\/wp-json\/wp\/v2\/posts\/3347\/revisions"}],"predecessor-version":[{"id":3370,"href":"https:\/\/elisabethkufferath.de\/en\/wp-json\/wp\/v2\/posts\/3347\/revisions\/3370"}],"wp:attachment":[{"href":"https:\/\/elisabethkufferath.de\/en\/wp-json\/wp\/v2\/media?parent=3347"}],"wp:term":[{"taxonomy":"category","embeddable":true,"href":"https:\/\/elisabethkufferath.de\/en\/wp-json\/wp\/v2\/categories?post=3347"},{"taxonomy":"post_tag","embeddable":true,"href":"https:\/\/elisabethkufferath.de\/en\/wp-json\/wp\/v2\/tags?post=3347"}],"curies":[{"name":"wp","href":"https:\/\/api.w.org\/{rel}","templated":true}]}}